
{"id":3574,"date":"2013-05-29T16:01:16","date_gmt":"2013-05-29T19:01:16","guid":{"rendered":"http:\/\/www.patagonia-argentina.com\/?p=3574"},"modified":"2013-05-29T16:01:16","modified_gmt":"2013-05-29T19:01:16","slug":"carmen-de-patagones-pura-historia-en-la-patagonia-norte","status":"publish","type":"post","link":"https:\/\/www.patagonia-argentina.com\/en\/carmen-de-patagones-pura-historia-en-la-patagonia-norte\/","title":{"rendered":"Carmen de Patagones: Pura historia en la Patagonia Norte"},"content":{"rendered":"<p class=\"qtranxs-available-languages-message qtranxs-available-languages-message-en\">Sorry, this entry is only available in <a href=\"https:\/\/www.patagonia-argentina.com\/es\/wp-json\/wp\/v2\/posts\/3574\" class=\"qtranxs-available-language-link qtranxs-available-language-link-es\" title=\"Espa\u00f1ol\">Espa\u00f1ol<\/a>.<\/p><p><\/p>\n<h2>Una reciente declaraci\u00f3n transform\u00f3 a Carmen de Patagones, sobre la margen izquierda del R\u00edo Negro, en la ciudad de Argentina con mayor cantidad de edificaciones hist\u00f3ricas.<\/h2>\n<p><img loading=\"lazy\" decoding=\"async\" alt=\"Carmen de Patagones\" src=\"\/images\/ptg_calle4.jpg\" width=\"240\" height=\"170\" align=\"left\" hspace=\"5\" \/>El casco antiguo de <a href=\"\/e\/atlantica\/viedma_patagones\/viedma.php\">esta peque\u00f1a ciudad<\/a> ubicada a orillas del R\u00edo Negro, \u00faltimo pueblo de la provincia de Buenos Aires, atesora innumerables reliquias de los primeros pasos en la colonizaci\u00f3n de la Patagonia.<\/p>\n<p>Fue la primera fundaci\u00f3n sobre este territorio, cuando en el a\u00f1o 1779 Francisco de Viedma lleg\u00f3 hasta la desembocadura del R\u00edo Negro y se adentr\u00f3 en sus aguas tranquilas para encontrar un sitio propicio donde establecer una ciudad.<\/p>\n<p>Su nacimiento la hermana con la vecina <a href=\"\/e\/atlantica\/viedma_patagones\/viedmapat.php\">Viedma<\/a>, ya en la Provincia de R\u00edo Negro. <b>De hecho la primera fundaci\u00f3n se realiz\u00f3 sobre la margen derecha, hasta que una gran inundaci\u00f3n oblig\u00f3 a la mudanza. <\/b><\/p>\n<p><img loading=\"lazy\" decoding=\"async\" alt=\"Carmen de Patagones\" src=\"\/images\/ptg_calle2.jpg\" width=\"240\" height=\"170\" align=\"left\" hspace=\"5\" \/>Patagones fue puerto por el que entraban mercanc\u00edas, esclavos y novedades desde la lejana \u201ccivilizaci\u00f3n\u201d. El viaje por tierra era muy largo y peligroso, ya que la vasta provincia de Buenos Aires era continuamente asolada por malones.<\/p>\n<p><b>Entre las construcciones que recuerdan este pasado est\u00e1n: <\/b><\/p>\n<ul>\n<li><b>El viejo edificio del Banco de la Provincia de Buenos Aires<\/b>, que data del a\u00f1o 1884, donde actualmente funciona el Museo Ema Nozzi, frente al r\u00edo.<\/li>\n<li><b><img loading=\"lazy\" decoding=\"async\" alt=\"Iglesia de Patagones\" src=\"\/images\/ptg_catedral.jpg\" width=\"170\" height=\"240\" align=\"right\" hspace=\"5\" \/>La antigua y hermosa Iglesia<\/b>, ubicada en lo alto de la barranca, construida por los salesianos en 1880 y en la que se guardan dos banderas pertenecientes al antiguo Imperio del Brasil, arrebatadas durante el hist\u00f3rico combate del 7 de marzo de 1827, cuando todo el pueblo de la comarca se enfrent\u00f3 a los intentos de invasi\u00f3n de las naves brasile\u00f1as.<\/li>\n<li>Detr\u00e1s de la Iglesia se encuentra <b>la Torre del Fuerte del R\u00edo Negro<\/b>, recuerdo de los tiempos de la fundaci\u00f3n, que ya es Monumento Hist\u00f3rico Nacional, lo mismo que el Cerro de la Caballada, sitio de la batalla final contra los brasile\u00f1os.<\/li>\n<li><b>El \u201cRancho de Rial\u201d<\/b>, que perteneci\u00f3 al primer alcalde de Patagones, en 1820. En esta construcci\u00f3n de estilo colonial funcionar\u00e1 el Museo del Hombre y los Medios.<\/li>\n<li><b>La casa La Carlota<\/b><\/li>\n<li>La ex-sede del colegio salesiano \u201c<b>Santa Mar\u00eda de las Indias<\/b>\u201d<\/li>\n<li>Los solares de <b>la casa natal del comandante Luis Piedra Buena.<\/b><\/li>\n<li><b>La vivienda particular del comisionado en 1827 Ambrosio Mitre<\/b>, padre del ex-presidente Bartolom\u00e9 Mitre.<\/li>\n<\/ul>\n<p><b>Patagonia-argentina.com quiere participar de este reconocimiento a la historia y la arquitectura maragata.<\/b> Visite el rinc\u00f3n dedicado a la comarca <a href=\"\/e\/atlantica\/viedma_patagones\/viedmapat.php\">Viedma-Carmen de Patagones<\/a> en nuestro sitio y descubra todas las bellezas, que junto a la hist\u00f3ricas, guarda el litoral atl\u00e1ntico de la Patagonia Norte.<\/p>\n<p><\/p>","protected":false},"excerpt":{"rendered":"<p>Sorry, this entry is only available in Espa\u00f1ol. Una reciente declaraci\u00f3n transform\u00f3 a Carmen de Patagones, sobre la margen izquierda del R\u00edo Negro, en la ciudad de Argentina con mayor cantidad de edificaciones hist\u00f3ricas. El casco antiguo de esta peque\u00f1a ciudad ubicada a orillas del R\u00edo Negro, \u00faltimo pueblo de la provincia de Buenos Aires,&#8230; <a class=\"read-more\" href=\"https:\/\/www.patagonia-argentina.com\/en\/carmen-de-patagones-pura-historia-en-la-patagonia-norte\/\">Read on<\/a><\/p>\n","protected":false},"author":3,"featured_media":0,"comment_status":"open","ping_status":"open","sticky":false,"template":"","format":"standard","meta":{"_acf_changed":false,"_editorskit_title_hidden":false,"_editorskit_reading_time":0,"_editorskit_is_block_options_detached":false,"_editorskit_block_options_position":"{}","footnotes":""},"categories":[48],"tags":[117],"class_list":{"0":"post-3574","1":"post","2":"type-post","3":"status-publish","4":"format-standard","6":"category-patagonia-hoy","7":"tag-rutas-y-rincones-para-conocer"},"acf":[],"_links":{"self":[{"href":"https:\/\/www.patagonia-argentina.com\/en\/wp-json\/wp\/v2\/posts\/3574","targetHints":{"allow":["GET"]}}],"collection":[{"href":"https:\/\/www.patagonia-argentina.com\/en\/wp-json\/wp\/v2\/posts"}],"about":[{"href":"https:\/\/www.patagonia-argentina.com\/en\/wp-json\/wp\/v2\/types\/post"}],"author":[{"embeddable":true,"href":"https:\/\/www.patagonia-argentina.com\/en\/wp-json\/wp\/v2\/users\/3"}],"replies":[{"embeddable":true,"href":"https:\/\/www.patagonia-argentina.com\/en\/wp-json\/wp\/v2\/comments?post=3574"}],"version-history":[{"count":0,"href":"https:\/\/www.patagonia-argentina.com\/en\/wp-json\/wp\/v2\/posts\/3574\/revisions"}],"wp:attachment":[{"href":"https:\/\/www.patagonia-argentina.com\/en\/wp-json\/wp\/v2\/media?parent=3574"}],"wp:term":[{"taxonomy":"category","embeddable":true,"href":"https:\/\/www.patagonia-argentina.com\/en\/wp-json\/wp\/v2\/categories?post=3574"},{"taxonomy":"post_tag","embeddable":true,"href":"https:\/\/www.patagonia-argentina.com\/en\/wp-json\/wp\/v2\/tags?post=3574"}],"curies":[{"name":"wp","href":"https:\/\/api.w.org\/{rel}","templated":true}]}}